{"id":263,"date":"2016-05-06T12:49:54","date_gmt":"2016-05-06T12:49:54","guid":{"rendered":"http:\/\/aecg.pt\/projetoilewa\/?p=263"},"modified":"2016-06-01T13:01:01","modified_gmt":"2016-06-01T13:01:01","slug":"atividades-26","status":"publish","type":"post","link":"https:\/\/aecg.pt\/projetoilewa\/atividades-26\/","title":{"rendered":"Atividades (25)"},"content":{"rendered":"<p>Data:<br \/>\n11, 20 e 21 de abril de 2016<\/p>\n<p>Projeto:<br \/>\nI-LEWA \/ O Museu vem \u00e0 Escola<\/p>\n<p>Atividade:<br \/>\nSess\u00e3o de sensibiliza\u00e7\u00e3o dos alunos para a tem\u00e1tica da resist\u00eancia ao Estado Novo<\/p>\n<p><span class=\"text_exposed_show\">Professores envolvidos \/ Turma:<br \/>\nC\u00e9u Oliveira \/ 9\u00ba ano<\/span><\/p>\n<div class=\"text_exposed_show\">\n<p>No passado m\u00eas de abril o N\u00facleo de Arqueologia de Almada, no \u00e2mbito do projeto &#8220;O Museu vem \u00e0 Escola&#8221; dinamizou uma sess\u00e3o para cada uma das quatro turmas de 9\u00ba ano, na aula de Hist\u00f3ria, subordinada ao tema &#8220;Vozes da Resist\u00eancia&#8221; &#8211; contexto de Hist\u00f3ria local, testemunhos orais e documentos relativos \u00e0 resist\u00eancia ao governo de Salazar.<br \/>\nOs alunos envolveram-se de forma muito positiva.<\/p>\n<\/div>\n","protected":false},"excerpt":{"rendered":"<p>Data: 11, 20 e 21 de abril de 2016 Projeto: I-LEWA \/ O Museu vem \u00e0 Escola Atividade: Sess\u00e3o de sensibiliza\u00e7\u00e3o dos alunos para a tem\u00e1tica da resist\u00eancia ao Estado Novo Professores envolvidos \/ Turma: C\u00e9u Oliveira \/ 9\u00ba ano No passado m\u00eas de abril o N\u00facleo de Arqueologia de Almada, no \u00e2mbito do projeto [&hellip;]<\/p>\n","protected":false},"author":1,"featured_media":0,"comment_status":"open","ping_status":"open","sticky":false,"template":"","format":"standard","meta":{"footnotes":""},"categories":[5],"tags":[],"class_list":["post-263","post","type-post","status-publish","format-standard","hentry","category-atividades"],"_links":{"self":[{"href":"https:\/\/aecg.pt\/projetoilewa\/wp-json\/wp\/v2\/posts\/263","targetHints":{"allow":["GET"]}}],"collection":[{"href":"https:\/\/aecg.pt\/projetoilewa\/wp-json\/wp\/v2\/posts"}],"about":[{"href":"https:\/\/aecg.pt\/projetoilewa\/wp-json\/wp\/v2\/types\/post"}],"author":[{"embeddable":true,"href":"https:\/\/aecg.pt\/projetoilewa\/wp-json\/wp\/v2\/users\/1"}],"replies":[{"embeddable":true,"href":"https:\/\/aecg.pt\/projetoilewa\/wp-json\/wp\/v2\/comments?post=263"}],"version-history":[{"count":2,"href":"https:\/\/aecg.pt\/projetoilewa\/wp-json\/wp\/v2\/posts\/263\/revisions"}],"predecessor-version":[{"id":280,"href":"https:\/\/aecg.pt\/projetoilewa\/wp-json\/wp\/v2\/posts\/263\/revisions\/280"}],"wp:attachment":[{"href":"https:\/\/aecg.pt\/projetoilewa\/wp-json\/wp\/v2\/media?parent=263"}],"wp:term":[{"taxonomy":"category","embeddable":true,"href":"https:\/\/aecg.pt\/projetoilewa\/wp-json\/wp\/v2\/categories?post=263"},{"taxonomy":"post_tag","embeddable":true,"href":"https:\/\/aecg.pt\/projetoilewa\/wp-json\/wp\/v2\/tags?post=263"}],"curies":[{"name":"wp","href":"https:\/\/api.w.org\/{rel}","templated":true}]}}