{"id":948,"date":"2023-07-10T17:19:00","date_gmt":"2023-07-10T16:19:00","guid":{"rendered":"https:\/\/aecg.pt\/maisaecg\/?p=948"},"modified":"2023-12-04T17:36:38","modified_gmt":"2023-12-04T16:36:38","slug":"the-4cs-in-schools","status":"publish","type":"post","link":"https:\/\/aecg.pt\/maisaecg\/2023\/07\/10\/the-4cs-in-schools\/","title":{"rendered":"The 4Cs&#8230; in Schools"},"content":{"rendered":"\n<p class=\"has-text-align-justify\">Na \u00faltima mobilidade do nosso projeto, duas professoras viajaram at\u00e9 Floren\u00e7a, It\u00e1lia, para participarem no curso &#8220;The 4Cs: Creativity, Critical Thinking, Communication and Collaboration in Schools&#8221;.<\/p>\n\n\n\n<p class=\"has-text-align-justify\">Com a dura\u00e7\u00e3o de uma semana (entre 26 de maio e 1 de junho), este curso abordou aquelas que s\u00e3o consideradas as compet\u00eancias essenciais para os alunos do s\u00e9culo XXI &#8211; criatividade, pensamento cr\u00edtico, comunica\u00e7\u00e3o e colabora\u00e7\u00e3o &#8211; teoricamente reconhecidas como fundamentais mas, por vezes, de dif\u00edcil aplica\u00e7\u00e3o pr\u00e1tica.<\/p>\n\n\n\n<p><a href=\"https:\/\/aecg.pt\/maisaecg\/wp-content\/uploads\/2023\/12\/Curso_Programme_Italia.pdf\" target=\"_blank\" aria-label=\"Programa (curso) (opens in a new tab)\" rel=\"noreferrer noopener\" class=\"ek-link\">Programa (curso)<\/a><\/p>\n\n\n\n<figure class=\"wp-block-gallery has-nested-images columns-default is-cropped wp-block-gallery-1 is-layout-flex wp-block-gallery-is-layout-flex\">\n<figure class=\"wp-block-image size-large\"><img loading=\"lazy\" decoding=\"async\" width=\"600\" height=\"357\" data-id=\"953\" src=\"https:\/\/aecg.pt\/maisaecg\/wp-content\/uploads\/2023\/12\/Italia2.jpg\" alt=\"\" class=\"wp-image-953\" srcset=\"https:\/\/aecg.pt\/maisaecg\/wp-content\/uploads\/2023\/12\/Italia2.jpg 600w, https:\/\/aecg.pt\/maisaecg\/wp-content\/uploads\/2023\/12\/Italia2-300x179.jpg 300w\" sizes=\"auto, (max-width: 600px) 100vw, 600px\" \/><\/figure>\n\n\n\n<figure class=\"wp-block-image size-large\"><img loading=\"lazy\" decoding=\"async\" width=\"600\" height=\"414\" data-id=\"954\" src=\"https:\/\/aecg.pt\/maisaecg\/wp-content\/uploads\/2023\/12\/Italia3.png\" alt=\"\" class=\"wp-image-954\" srcset=\"https:\/\/aecg.pt\/maisaecg\/wp-content\/uploads\/2023\/12\/Italia3.png 600w, https:\/\/aecg.pt\/maisaecg\/wp-content\/uploads\/2023\/12\/Italia3-300x207.png 300w\" sizes=\"auto, (max-width: 600px) 100vw, 600px\" \/><\/figure>\n<\/figure>\n","protected":false},"excerpt":{"rendered":"<p>Na \u00faltima mobilidade do nosso projeto, duas professoras viajaram at\u00e9 Floren\u00e7a, It\u00e1lia, para participarem no curso &#8220;The 4Cs: Creativity, Critical Thinking, Communication and Collaboration in Schools&#8221;. Com a dura\u00e7\u00e3o de uma semana (entre 26 de maio e 1 de junho), este curso abordou aquelas que s\u00e3o consideradas as compet\u00eancias essenciais para os alunos do s\u00e9culo [&hellip;]<\/p>\n","protected":false},"author":1,"featured_media":952,"comment_status":"open","ping_status":"open","sticky":false,"template":"","format":"standard","meta":{"_editorskit_title_hidden":false,"_editorskit_reading_time":0,"_editorskit_is_block_options_detached":false,"_editorskit_block_options_position":"{}","_monsterinsights_skip_tracking":false,"_monsterinsights_sitenote_active":false,"_monsterinsights_sitenote_note":"","_monsterinsights_sitenote_category":0,"_uf_show_specific_survey":0,"_uf_disable_surveys":false,"footnotes":""},"categories":[1],"tags":[],"class_list":["post-948","post","type-post","status-publish","format-standard","has-post-thumbnail","hentry","category-sem-categoria"],"_links":{"self":[{"href":"https:\/\/aecg.pt\/maisaecg\/wp-json\/wp\/v2\/posts\/948","targetHints":{"allow":["GET"]}}],"collection":[{"href":"https:\/\/aecg.pt\/maisaecg\/wp-json\/wp\/v2\/posts"}],"about":[{"href":"https:\/\/aecg.pt\/maisaecg\/wp-json\/wp\/v2\/types\/post"}],"author":[{"embeddable":true,"href":"https:\/\/aecg.pt\/maisaecg\/wp-json\/wp\/v2\/users\/1"}],"replies":[{"embeddable":true,"href":"https:\/\/aecg.pt\/maisaecg\/wp-json\/wp\/v2\/comments?post=948"}],"version-history":[{"count":3,"href":"https:\/\/aecg.pt\/maisaecg\/wp-json\/wp\/v2\/posts\/948\/revisions"}],"predecessor-version":[{"id":955,"href":"https:\/\/aecg.pt\/maisaecg\/wp-json\/wp\/v2\/posts\/948\/revisions\/955"}],"wp:featuredmedia":[{"embeddable":true,"href":"https:\/\/aecg.pt\/maisaecg\/wp-json\/wp\/v2\/media\/952"}],"wp:attachment":[{"href":"https:\/\/aecg.pt\/maisaecg\/wp-json\/wp\/v2\/media?parent=948"}],"wp:term":[{"taxonomy":"category","embeddable":true,"href":"https:\/\/aecg.pt\/maisaecg\/wp-json\/wp\/v2\/categories?post=948"},{"taxonomy":"post_tag","embeddable":true,"href":"https:\/\/aecg.pt\/maisaecg\/wp-json\/wp\/v2\/tags?post=948"}],"curies":[{"name":"wp","href":"https:\/\/api.w.org\/{rel}","templated":true}]}}