{"id":892,"date":"2022-09-26T09:34:56","date_gmt":"2022-09-26T08:34:56","guid":{"rendered":"https:\/\/aecg.pt\/maisaecg\/?p=892"},"modified":"2023-12-04T04:53:29","modified_gmt":"2023-12-04T03:53:29","slug":"the-art-of-teaching-21st-century-skills","status":"publish","type":"post","link":"https:\/\/aecg.pt\/maisaecg\/2022\/09\/26\/the-art-of-teaching-21st-century-skills\/","title":{"rendered":"The art of teaching 21st century skills"},"content":{"rendered":"\n<p class=\"has-text-align-justify\">Numa nova mobilidade inserida no projeto Erasmus+ +AECG, deslocaram-se a Tessaloniki, na Gr\u00e9cia, mais 3 professores do AECG para participarem num curso, precedido de uma confer\u00eancia, onde novamente a tem\u00e1tica dominante foi a educa\u00e7\u00e3o STEAM.<\/p>\n\n\n\n<p class=\"has-text-align-justify\">Durante 5 dias, entre 19 e 23 de setembro de 2022, os professores tiveram oportunidade de partilhar experi\u00eancias e mostrar os projetos STEAM em que o nosso agrupamento est\u00e1 envolvido.<\/p>\n\n\n\n<p><a href=\"https:\/\/aecg.pt\/maisaecg\/wp-content\/uploads\/2023\/12\/Programa_Curso_Grecia.pdf\" target=\"_blank\" aria-label=\" (opens in a new tab)\" rel=\"noreferrer noopener\" class=\"ek-link\">Programa (curso e confer\u00eancia)<\/a><\/p>\n\n\n\n<figure class=\"wp-block-gallery has-nested-images columns-default is-cropped wp-block-gallery-1 is-layout-flex wp-block-gallery-is-layout-flex\">\n<figure class=\"wp-block-image size-large\"><img loading=\"lazy\" decoding=\"async\" width=\"600\" height=\"269\" data-id=\"901\" src=\"https:\/\/aecg.pt\/maisaecg\/wp-content\/uploads\/2023\/12\/Grecia1.jpg\" alt=\"\" class=\"wp-image-901\" srcset=\"https:\/\/aecg.pt\/maisaecg\/wp-content\/uploads\/2023\/12\/Grecia1.jpg 600w, https:\/\/aecg.pt\/maisaecg\/wp-content\/uploads\/2023\/12\/Grecia1-300x135.jpg 300w\" sizes=\"auto, (max-width: 600px) 100vw, 600px\" \/><\/figure>\n\n\n\n<figure class=\"wp-block-image size-large\"><img loading=\"lazy\" decoding=\"async\" width=\"600\" height=\"269\" data-id=\"902\" src=\"https:\/\/aecg.pt\/maisaecg\/wp-content\/uploads\/2023\/12\/Grecia2.jpg\" alt=\"\" class=\"wp-image-902\" srcset=\"https:\/\/aecg.pt\/maisaecg\/wp-content\/uploads\/2023\/12\/Grecia2.jpg 600w, https:\/\/aecg.pt\/maisaecg\/wp-content\/uploads\/2023\/12\/Grecia2-300x135.jpg 300w\" sizes=\"auto, (max-width: 600px) 100vw, 600px\" \/><\/figure>\n\n\n\n<figure class=\"wp-block-image size-large\"><img loading=\"lazy\" decoding=\"async\" width=\"600\" height=\"269\" data-id=\"903\" src=\"https:\/\/aecg.pt\/maisaecg\/wp-content\/uploads\/2023\/12\/Grecia3.jpg\" alt=\"\" class=\"wp-image-903\" srcset=\"https:\/\/aecg.pt\/maisaecg\/wp-content\/uploads\/2023\/12\/Grecia3.jpg 600w, https:\/\/aecg.pt\/maisaecg\/wp-content\/uploads\/2023\/12\/Grecia3-300x135.jpg 300w\" sizes=\"auto, (max-width: 600px) 100vw, 600px\" \/><\/figure>\n<\/figure>\n","protected":false},"excerpt":{"rendered":"<p>Numa nova mobilidade inserida no projeto Erasmus+ +AECG, deslocaram-se a Tessaloniki, na Gr\u00e9cia, mais 3 professores do AECG para participarem num curso, precedido de uma confer\u00eancia, onde novamente a tem\u00e1tica dominante foi a educa\u00e7\u00e3o STEAM. Durante 5 dias, entre 19 e 23 de setembro de 2022, os professores tiveram oportunidade de partilhar experi\u00eancias e mostrar [&hellip;]<\/p>\n","protected":false},"author":1,"featured_media":897,"comment_status":"open","ping_status":"open","sticky":false,"template":"","format":"standard","meta":{"_editorskit_title_hidden":false,"_editorskit_reading_time":0,"_editorskit_is_block_options_detached":false,"_editorskit_block_options_position":"{}","_monsterinsights_skip_tracking":false,"_monsterinsights_sitenote_active":false,"_monsterinsights_sitenote_note":"","_monsterinsights_sitenote_category":0,"_uf_show_specific_survey":0,"_uf_disable_surveys":false,"footnotes":""},"categories":[1],"tags":[],"class_list":["post-892","post","type-post","status-publish","format-standard","has-post-thumbnail","hentry","category-sem-categoria"],"_links":{"self":[{"href":"https:\/\/aecg.pt\/maisaecg\/wp-json\/wp\/v2\/posts\/892","targetHints":{"allow":["GET"]}}],"collection":[{"href":"https:\/\/aecg.pt\/maisaecg\/wp-json\/wp\/v2\/posts"}],"about":[{"href":"https:\/\/aecg.pt\/maisaecg\/wp-json\/wp\/v2\/types\/post"}],"author":[{"embeddable":true,"href":"https:\/\/aecg.pt\/maisaecg\/wp-json\/wp\/v2\/users\/1"}],"replies":[{"embeddable":true,"href":"https:\/\/aecg.pt\/maisaecg\/wp-json\/wp\/v2\/comments?post=892"}],"version-history":[{"count":5,"href":"https:\/\/aecg.pt\/maisaecg\/wp-json\/wp\/v2\/posts\/892\/revisions"}],"predecessor-version":[{"id":904,"href":"https:\/\/aecg.pt\/maisaecg\/wp-json\/wp\/v2\/posts\/892\/revisions\/904"}],"wp:featuredmedia":[{"embeddable":true,"href":"https:\/\/aecg.pt\/maisaecg\/wp-json\/wp\/v2\/media\/897"}],"wp:attachment":[{"href":"https:\/\/aecg.pt\/maisaecg\/wp-json\/wp\/v2\/media?parent=892"}],"wp:term":[{"taxonomy":"category","embeddable":true,"href":"https:\/\/aecg.pt\/maisaecg\/wp-json\/wp\/v2\/categories?post=892"},{"taxonomy":"post_tag","embeddable":true,"href":"https:\/\/aecg.pt\/maisaecg\/wp-json\/wp\/v2\/tags?post=892"}],"curies":[{"name":"wp","href":"https:\/\/api.w.org\/{rel}","templated":true}]}}