{"id":56,"date":"2020-12-18T21:28:37","date_gmt":"2020-12-18T20:28:37","guid":{"rendered":"https:\/\/aecg.pt\/maisaecg\/?p=56"},"modified":"2023-12-04T17:42:15","modified_gmt":"2023-12-04T16:42:15","slug":"visita-preparatoria-a-hungria","status":"publish","type":"post","link":"https:\/\/aecg.pt\/maisaecg\/2020\/12\/18\/visita-preparatoria-a-hungria\/","title":{"rendered":"Extens\u00e3o das candidaturas"},"content":{"rendered":"\n<p class=\"has-text-align-justify\">Os confinamentos a que os cidad\u00e3os t\u00eam sido sujeitos nos diversos pa\u00edses, juntamento com as in\u00fameras restri\u00e7\u00f5es nas viagens internacionais, continuam a provocar enormes dificuldades em agendar desloca\u00e7\u00f5es aos candidatos \u00e0 mobilidade nos projetos Erasmus+.<\/p>\n\n\n\n<p class=\"has-text-align-justify\">Assim, o prazo para preenchimento do formul\u00e1rio foi prolongado at\u00e9 ao dia 31 de janeiro de 2021.<\/p>\n\n\n\n<p class=\"has-text-align-justify\">Com esta extens\u00e3o do prazo, contamos permitir a mais professores a elabora\u00e7\u00e3oe submiss\u00e3o das suas cartas de motiva\u00e7\u00e3o.<\/p>\n\n\n\n<p><a href=\"https:\/\/forms.gle\/zJN3Ue4x96nAcxSf7\" target=\"_blank\" aria-label=\"Inscri\u00e7\u00f5es aqui. (opens in a new tab)\" rel=\"noreferrer noopener\" class=\"ek-link\"><strong>Inscri\u00e7\u00f5es aqui.<\/strong><\/a><\/p>\n","protected":false},"excerpt":{"rendered":"<p>Os confinamentos a que os cidad\u00e3os t\u00eam sido sujeitos nos diversos pa\u00edses, juntamento com as in\u00fameras restri\u00e7\u00f5es nas viagens internacionais, continuam a provocar enormes dificuldades em agendar desloca\u00e7\u00f5es aos candidatos \u00e0 mobilidade nos projetos Erasmus+. Assim, o prazo para preenchimento do formul\u00e1rio foi prolongado at\u00e9 ao dia 31 de janeiro de 2021. Com esta extens\u00e3o [&hellip;]<\/p>\n","protected":false},"author":1,"featured_media":860,"comment_status":"open","ping_status":"open","sticky":false,"template":"","format":"standard","meta":{"_editorskit_title_hidden":false,"_editorskit_reading_time":0,"_editorskit_is_block_options_detached":false,"_editorskit_block_options_position":"{}","_monsterinsights_skip_tracking":false,"_monsterinsights_sitenote_active":false,"_monsterinsights_sitenote_note":"","_monsterinsights_sitenote_category":0,"_uf_show_specific_survey":0,"_uf_disable_surveys":false,"footnotes":""},"categories":[1],"tags":[],"class_list":["post-56","post","type-post","status-publish","format-standard","has-post-thumbnail","hentry","category-sem-categoria"],"_links":{"self":[{"href":"https:\/\/aecg.pt\/maisaecg\/wp-json\/wp\/v2\/posts\/56","targetHints":{"allow":["GET"]}}],"collection":[{"href":"https:\/\/aecg.pt\/maisaecg\/wp-json\/wp\/v2\/posts"}],"about":[{"href":"https:\/\/aecg.pt\/maisaecg\/wp-json\/wp\/v2\/types\/post"}],"author":[{"embeddable":true,"href":"https:\/\/aecg.pt\/maisaecg\/wp-json\/wp\/v2\/users\/1"}],"replies":[{"embeddable":true,"href":"https:\/\/aecg.pt\/maisaecg\/wp-json\/wp\/v2\/comments?post=56"}],"version-history":[{"count":8,"href":"https:\/\/aecg.pt\/maisaecg\/wp-json\/wp\/v2\/posts\/56\/revisions"}],"predecessor-version":[{"id":961,"href":"https:\/\/aecg.pt\/maisaecg\/wp-json\/wp\/v2\/posts\/56\/revisions\/961"}],"wp:featuredmedia":[{"embeddable":true,"href":"https:\/\/aecg.pt\/maisaecg\/wp-json\/wp\/v2\/media\/860"}],"wp:attachment":[{"href":"https:\/\/aecg.pt\/maisaecg\/wp-json\/wp\/v2\/media?parent=56"}],"wp:term":[{"taxonomy":"category","embeddable":true,"href":"https:\/\/aecg.pt\/maisaecg\/wp-json\/wp\/v2\/categories?post=56"},{"taxonomy":"post_tag","embeddable":true,"href":"https:\/\/aecg.pt\/maisaecg\/wp-json\/wp\/v2\/tags?post=56"}],"curies":[{"name":"wp","href":"https:\/\/api.w.org\/{rel}","templated":true}]}}