{"id":534,"date":"2020-06-01T17:42:27","date_gmt":"2020-06-01T16:42:27","guid":{"rendered":"https:\/\/aecg.pt\/maisaecg\/?p=534"},"modified":"2023-12-04T17:43:20","modified_gmt":"2023-12-04T16:43:20","slug":"acreditacao-erasmus","status":"publish","type":"post","link":"https:\/\/aecg.pt\/maisaecg\/2020\/06\/01\/acreditacao-erasmus\/","title":{"rendered":"Projeto +AECG acreditado"},"content":{"rendered":"\n<p><\/p>\n\n\n\n<p class=\"has-text-align-justify\">Em fevereiro de 2020 o Agrupamento de Escolas Carlos Gargat\u00e9 candidatou-se a um projeto Erasmus+, na modalidade KA101 (Mobilidade de Pessoal Educativo do Ensino Escolar).<\/p>\n\n\n\n<p class=\"has-text-align-justify\">Tendo como objetivo geral &#8220;fornecer uma forma\u00e7\u00e3o partilhada, reflexiva e experimental, mas consistente, a v\u00e1rios professores que para que possam desenvolver pr\u00e1ticas pedag\u00f3gicas diferenciadas e, simultaneamente, desenvolver e adquirir outras compet\u00eancias pedag\u00f3gicas no dom\u00ednio do processo de ensino\/aprendizagem das artes, educa\u00e7\u00e3o f\u00edsica, educa\u00e7\u00e3o especial, matem\u00e1tica, ci\u00eancias, f\u00edsico-qu\u00edmica, l\u00edngua materna e l\u00ednguas estrangeiras&#8221;, o projeto viu agora o seu financamento aprovado pela Ag\u00eancia Nacional Erasmus+.<\/p>\n\n\n\n<p class=\"has-text-align-justify\">A coordena\u00e7\u00e3o do projeto ser\u00e1 assegurada pelo professor Rui P\u00e1scoa e pela diretora Maria da Gra\u00e7a Carvalha.<\/p>\n\n\n\n<p class=\"has-text-align-justify\">Em breve ser\u00e3o lan\u00e7adas as candidaturas a mobilidade, abertas a todos os professores do agrupamento, quer para Job Shadowing quer para Cursos Estruturados, a desenvolver nos anos letivos de 2020\/2021 e 2021\/2022.<\/p>\n","protected":false},"excerpt":{"rendered":"<p>Em fevereiro de 2020 o Agrupamento de Escolas Carlos Gargat\u00e9 candidatou-se a um projeto Erasmus+, na modalidade KA101 (Mobilidade de Pessoal Educativo do Ensino Escolar). Tendo como objetivo geral &#8220;fornecer uma forma\u00e7\u00e3o partilhada, reflexiva e experimental, mas consistente, a v\u00e1rios professores que para que possam desenvolver pr\u00e1ticas pedag\u00f3gicas diferenciadas e, simultaneamente, desenvolver e adquirir outras [&hellip;]<\/p>\n","protected":false},"author":1,"featured_media":804,"comment_status":"open","ping_status":"open","sticky":false,"template":"","format":"standard","meta":{"_editorskit_title_hidden":false,"_editorskit_reading_time":0,"_editorskit_is_block_options_detached":false,"_editorskit_block_options_position":"{}","_monsterinsights_skip_tracking":false,"_monsterinsights_sitenote_active":false,"_monsterinsights_sitenote_note":"","_monsterinsights_sitenote_category":0,"_uf_show_specific_survey":0,"_uf_disable_surveys":false,"footnotes":""},"categories":[1],"tags":[],"class_list":["post-534","post","type-post","status-publish","format-standard","has-post-thumbnail","hentry","category-sem-categoria"],"_links":{"self":[{"href":"https:\/\/aecg.pt\/maisaecg\/wp-json\/wp\/v2\/posts\/534","targetHints":{"allow":["GET"]}}],"collection":[{"href":"https:\/\/aecg.pt\/maisaecg\/wp-json\/wp\/v2\/posts"}],"about":[{"href":"https:\/\/aecg.pt\/maisaecg\/wp-json\/wp\/v2\/types\/post"}],"author":[{"embeddable":true,"href":"https:\/\/aecg.pt\/maisaecg\/wp-json\/wp\/v2\/users\/1"}],"replies":[{"embeddable":true,"href":"https:\/\/aecg.pt\/maisaecg\/wp-json\/wp\/v2\/comments?post=534"}],"version-history":[{"count":6,"href":"https:\/\/aecg.pt\/maisaecg\/wp-json\/wp\/v2\/posts\/534\/revisions"}],"predecessor-version":[{"id":962,"href":"https:\/\/aecg.pt\/maisaecg\/wp-json\/wp\/v2\/posts\/534\/revisions\/962"}],"wp:featuredmedia":[{"embeddable":true,"href":"https:\/\/aecg.pt\/maisaecg\/wp-json\/wp\/v2\/media\/804"}],"wp:attachment":[{"href":"https:\/\/aecg.pt\/maisaecg\/wp-json\/wp\/v2\/media?parent=534"}],"wp:term":[{"taxonomy":"category","embeddable":true,"href":"https:\/\/aecg.pt\/maisaecg\/wp-json\/wp\/v2\/categories?post=534"},{"taxonomy":"post_tag","embeddable":true,"href":"https:\/\/aecg.pt\/maisaecg\/wp-json\/wp\/v2\/tags?post=534"}],"curies":[{"name":"wp","href":"https:\/\/api.w.org\/{rel}","templated":true}]}}