{"id":49,"date":"2020-11-05T09:55:44","date_gmt":"2020-11-05T08:55:44","guid":{"rendered":"https:\/\/aecg.pt\/maisaecg\/?p=49"},"modified":"2023-12-04T02:17:41","modified_gmt":"2023-12-04T01:17:41","slug":"seminario-aecg","status":"publish","type":"post","link":"https:\/\/aecg.pt\/maisaecg\/2020\/11\/05\/seminario-aecg\/","title":{"rendered":"Abertura das candidaturas"},"content":{"rendered":"\n<p class=\"has-text-align-justify\">Est\u00e3o abertas as candidaturas (carta de motiva\u00e7\u00e3o) \u00e0s mobilidades no \u00e2mbito do projeto Erasmus+ +AECG.<\/p>\n\n\n\n<p class=\"has-text-align-justify\">O prazo para preenchimento do formul\u00e1rio termina no dia 11 de dezembro de 2020.<\/p>\n\n\n\n<p><a href=\"https:\/\/forms.gle\/zJN3Ue4x96nAcxSf7\" target=\"_blank\" aria-label=\"Inscri\u00e7\u00f5es aqui (opens in a new tab)\" rel=\"noreferrer noopener\" class=\"ek-link\">Inscri\u00e7\u00f5es aqui<\/a>.<\/p>\n","protected":false},"excerpt":{"rendered":"<p>Est\u00e3o abertas as candidaturas (carta de motiva\u00e7\u00e3o) \u00e0s mobilidades no \u00e2mbito do projeto Erasmus+ +AECG. O prazo para preenchimento do formul\u00e1rio termina no dia 11 de dezembro de 2020. Inscri\u00e7\u00f5es aqui.<\/p>\n","protected":false},"author":1,"featured_media":860,"comment_status":"closed","ping_status":"open","sticky":false,"template":"","format":"standard","meta":{"_editorskit_title_hidden":false,"_editorskit_reading_time":0,"_editorskit_is_block_options_detached":false,"_editorskit_block_options_position":"{}","_monsterinsights_skip_tracking":false,"_monsterinsights_sitenote_active":false,"_monsterinsights_sitenote_note":"","_monsterinsights_sitenote_category":0,"_uf_show_specific_survey":0,"_uf_disable_surveys":false,"footnotes":""},"categories":[1],"tags":[],"class_list":["post-49","post","type-post","status-publish","format-standard","has-post-thumbnail","hentry","category-sem-categoria"],"_links":{"self":[{"href":"https:\/\/aecg.pt\/maisaecg\/wp-json\/wp\/v2\/posts\/49","targetHints":{"allow":["GET"]}}],"collection":[{"href":"https:\/\/aecg.pt\/maisaecg\/wp-json\/wp\/v2\/posts"}],"about":[{"href":"https:\/\/aecg.pt\/maisaecg\/wp-json\/wp\/v2\/types\/post"}],"author":[{"embeddable":true,"href":"https:\/\/aecg.pt\/maisaecg\/wp-json\/wp\/v2\/users\/1"}],"replies":[{"embeddable":true,"href":"https:\/\/aecg.pt\/maisaecg\/wp-json\/wp\/v2\/comments?post=49"}],"version-history":[{"count":17,"href":"https:\/\/aecg.pt\/maisaecg\/wp-json\/wp\/v2\/posts\/49\/revisions"}],"predecessor-version":[{"id":862,"href":"https:\/\/aecg.pt\/maisaecg\/wp-json\/wp\/v2\/posts\/49\/revisions\/862"}],"wp:featuredmedia":[{"embeddable":true,"href":"https:\/\/aecg.pt\/maisaecg\/wp-json\/wp\/v2\/media\/860"}],"wp:attachment":[{"href":"https:\/\/aecg.pt\/maisaecg\/wp-json\/wp\/v2\/media?parent=49"}],"wp:term":[{"taxonomy":"category","embeddable":true,"href":"https:\/\/aecg.pt\/maisaecg\/wp-json\/wp\/v2\/categories?post=49"},{"taxonomy":"post_tag","embeddable":true,"href":"https:\/\/aecg.pt\/maisaecg\/wp-json\/wp\/v2\/tags?post=49"}],"curies":[{"name":"wp","href":"https:\/\/api.w.org\/{rel}","templated":true}]}}