{"id":44,"date":"2020-10-15T17:22:32","date_gmt":"2020-10-15T16:22:32","guid":{"rendered":"https:\/\/aecg.pt\/maisaecg\/?p=44"},"modified":"2023-12-04T01:55:14","modified_gmt":"2023-12-04T00:55:14","slug":"equipa-erasmus","status":"publish","type":"post","link":"https:\/\/aecg.pt\/maisaecg\/2020\/10\/15\/equipa-erasmus\/","title":{"rendered":"Constragimentos no desenvolvimento do projeto"},"content":{"rendered":"\n<p class=\"has-text-align-justify\">A pandemia COVID-19, com o primeiro caso de infe\u00e7\u00e3o pelo v\u00edrus SARS-CoV-2 conhecido em Portugal pouco menos de 1 m\u00eas ap\u00f3s a candidatura do AECG ao projeto, tem provocado alguns contragimentos em todas as estruturas da nossa sociedade.<\/p>\n\n\n\n<p class=\"has-text-align-justify\">A reduzida mobilidade dos cidad\u00e3os tem sido um obst\u00e1culo ao desenvolvimento dos projetos Erasmus+, uma vez que a generalidade das candiidaturas tem como objetivo a aprendizagem em pa\u00edses estrangeiros.<\/p>\n\n\n\n<p class=\"has-text-align-justify\">Estamos, assim, a ponderar algumas alternativas, de acordo com as diretrizes da Ag\u00eancia Nacional e, consequentemente, as candidaturas a mobilidade s\u00f3 dever\u00e3o ser abertas em finais de novembro.<\/p>\n","protected":false},"excerpt":{"rendered":"<p>A pandemia COVID-19, com o primeiro caso de infe\u00e7\u00e3o pelo v\u00edrus SARS-CoV-2 conhecido em Portugal pouco menos de 1 m\u00eas ap\u00f3s a candidatura do AECG ao projeto, tem provocado alguns contragimentos em todas as estruturas da nossa sociedade. A reduzida mobilidade dos cidad\u00e3os tem sido um obst\u00e1culo ao desenvolvimento dos projetos Erasmus+, uma vez que [&hellip;]<\/p>\n","protected":false},"author":1,"featured_media":856,"comment_status":"open","ping_status":"open","sticky":false,"template":"","format":"standard","meta":{"_editorskit_title_hidden":false,"_editorskit_reading_time":0,"_editorskit_is_block_options_detached":false,"_editorskit_block_options_position":"{}","_monsterinsights_skip_tracking":false,"_monsterinsights_sitenote_active":false,"_monsterinsights_sitenote_note":"","_monsterinsights_sitenote_category":0,"_uf_show_specific_survey":0,"_uf_disable_surveys":false,"footnotes":""},"categories":[1],"tags":[],"class_list":["post-44","post","type-post","status-publish","format-standard","has-post-thumbnail","hentry","category-sem-categoria"],"_links":{"self":[{"href":"https:\/\/aecg.pt\/maisaecg\/wp-json\/wp\/v2\/posts\/44","targetHints":{"allow":["GET"]}}],"collection":[{"href":"https:\/\/aecg.pt\/maisaecg\/wp-json\/wp\/v2\/posts"}],"about":[{"href":"https:\/\/aecg.pt\/maisaecg\/wp-json\/wp\/v2\/types\/post"}],"author":[{"embeddable":true,"href":"https:\/\/aecg.pt\/maisaecg\/wp-json\/wp\/v2\/users\/1"}],"replies":[{"embeddable":true,"href":"https:\/\/aecg.pt\/maisaecg\/wp-json\/wp\/v2\/comments?post=44"}],"version-history":[{"count":6,"href":"https:\/\/aecg.pt\/maisaecg\/wp-json\/wp\/v2\/posts\/44\/revisions"}],"predecessor-version":[{"id":854,"href":"https:\/\/aecg.pt\/maisaecg\/wp-json\/wp\/v2\/posts\/44\/revisions\/854"}],"wp:featuredmedia":[{"embeddable":true,"href":"https:\/\/aecg.pt\/maisaecg\/wp-json\/wp\/v2\/media\/856"}],"wp:attachment":[{"href":"https:\/\/aecg.pt\/maisaecg\/wp-json\/wp\/v2\/media?parent=44"}],"wp:term":[{"taxonomy":"category","embeddable":true,"href":"https:\/\/aecg.pt\/maisaecg\/wp-json\/wp\/v2\/categories?post=44"},{"taxonomy":"post_tag","embeddable":true,"href":"https:\/\/aecg.pt\/maisaecg\/wp-json\/wp\/v2\/tags?post=44"}],"curies":[{"name":"wp","href":"https:\/\/api.w.org\/{rel}","templated":true}]}}