{"id":318,"date":"2021-04-15T11:32:52","date_gmt":"2021-04-15T10:32:52","guid":{"rendered":"https:\/\/aecg.pt\/maisaecg\/?p=318"},"modified":"2023-12-04T02:48:00","modified_gmt":"2023-12-04T01:48:00","slug":"a-noruega-no-aecg","status":"publish","type":"post","link":"https:\/\/aecg.pt\/maisaecg\/2021\/04\/15\/a-noruega-no-aecg\/","title":{"rendered":"+AECG prolongado at\u00e9 2022\/2023"},"content":{"rendered":"\n<p class=\"has-text-align-justify\">Uma vez que o projeto ainda n\u00e3o teve qualquer atividade (al\u00e9m da rece\u00e7\u00e3o e an\u00e1lise das cartas de motiva\u00e7\u00e3o e do ln\u00e7amento do site do projeto) e n\u00e3o se prev\u00ea que seja poss\u00edvel qualquer mobilidade este ano, foi solicitada \u00e0 Ag\u00eancia Nacional Erasmus+ a extens\u00e3o do projeto at\u00e9 2022\/2023.<\/p>\n\n\n\n<p class=\"has-text-align-justify\">O pedido de extens\u00e3o foi aceite e, assim, poder\u00e1 ser poss\u00edvel efetuar todas as mobilidades fisicamente.<\/p>\n\n\n\n<p>Prolonga-se, novamente, o prazo de candidaturas at\u00e9 ao final de junho de 2021.<\/p>\n\n\n\n<p><strong><a href=\"https:\/\/forms.gle\/zJN3Ue4x96nAcxSf7\" target=\"_blank\" aria-label=\"Inscri\u00e7\u00f5es aqui (opens in a new tab)\" rel=\"noreferrer noopener\" class=\"ek-link\">Inscri\u00e7\u00f5es aqui<\/a><\/strong>.<\/p>\n","protected":false},"excerpt":{"rendered":"<p>Uma vez que o projeto ainda n\u00e3o teve qualquer atividade (al\u00e9m da rece\u00e7\u00e3o e an\u00e1lise das cartas de motiva\u00e7\u00e3o e do ln\u00e7amento do site do projeto) e n\u00e3o se prev\u00ea que seja poss\u00edvel qualquer mobilidade este ano, foi solicitada \u00e0 Ag\u00eancia Nacional Erasmus+ a extens\u00e3o do projeto at\u00e9 2022\/2023. O pedido de extens\u00e3o foi aceite [&hellip;]<\/p>\n","protected":false},"author":1,"featured_media":325,"comment_status":"open","ping_status":"open","sticky":false,"template":"","format":"standard","meta":{"_editorskit_title_hidden":false,"_editorskit_reading_time":0,"_editorskit_is_block_options_detached":false,"_editorskit_block_options_position":"{}","_monsterinsights_skip_tracking":false,"_monsterinsights_sitenote_active":false,"_monsterinsights_sitenote_note":"","_monsterinsights_sitenote_category":0,"_uf_show_specific_survey":0,"_uf_disable_surveys":false,"footnotes":""},"categories":[1],"tags":[],"class_list":["post-318","post","type-post","status-publish","format-standard","has-post-thumbnail","hentry","category-sem-categoria"],"_links":{"self":[{"href":"https:\/\/aecg.pt\/maisaecg\/wp-json\/wp\/v2\/posts\/318","targetHints":{"allow":["GET"]}}],"collection":[{"href":"https:\/\/aecg.pt\/maisaecg\/wp-json\/wp\/v2\/posts"}],"about":[{"href":"https:\/\/aecg.pt\/maisaecg\/wp-json\/wp\/v2\/types\/post"}],"author":[{"embeddable":true,"href":"https:\/\/aecg.pt\/maisaecg\/wp-json\/wp\/v2\/users\/1"}],"replies":[{"embeddable":true,"href":"https:\/\/aecg.pt\/maisaecg\/wp-json\/wp\/v2\/comments?post=318"}],"version-history":[{"count":4,"href":"https:\/\/aecg.pt\/maisaecg\/wp-json\/wp\/v2\/posts\/318\/revisions"}],"predecessor-version":[{"id":866,"href":"https:\/\/aecg.pt\/maisaecg\/wp-json\/wp\/v2\/posts\/318\/revisions\/866"}],"wp:featuredmedia":[{"embeddable":true,"href":"https:\/\/aecg.pt\/maisaecg\/wp-json\/wp\/v2\/media\/325"}],"wp:attachment":[{"href":"https:\/\/aecg.pt\/maisaecg\/wp-json\/wp\/v2\/media?parent=318"}],"wp:term":[{"taxonomy":"category","embeddable":true,"href":"https:\/\/aecg.pt\/maisaecg\/wp-json\/wp\/v2\/categories?post=318"},{"taxonomy":"post_tag","embeddable":true,"href":"https:\/\/aecg.pt\/maisaecg\/wp-json\/wp\/v2\/tags?post=318"}],"curies":[{"name":"wp","href":"https:\/\/api.w.org\/{rel}","templated":true}]}}